{"id":5892,"date":"2026-02-24T08:36:00","date_gmt":"2026-02-24T08:36:00","guid":{"rendered":"https:\/\/kuetoeskola.com\/mundutik-euskal-herrira-nire-bidaia\/"},"modified":"2026-02-24T10:01:35","modified_gmt":"2026-02-24T10:01:35","slug":"mi-viaje-del-mundo-a-euskal-herria","status":"publish","type":"post","link":"https:\/\/kuetoeskola.com\/es\/mi-viaje-del-mundo-a-euskal-herria\/","title":{"rendered":"MI VIAJE DEL MUNDO A EUSKAL HERRIA"},"content":{"rendered":"<div class=\"wpb-content-wrapper\">[vc_row][vc_column css=\u00bb.vc_custom_1650882373253{padding-top: 25px !important;padding-right: 25px !important;padding-bottom: 25px !important;padding-left: 13px !important;}\u00bb][vc_single_image source=\u00bbfeatured_image\u00bb][vc_acf field_group=\u00bb1087&#8243; field_from_1087=\u00bbfield_60f00d4db2885&#8243; align=\u00bbjustify\u00bb][vc_column_text]En el aula EUSLE hemos desarrollado el proyecto \u201cNire bidaia\u201d, tomando como punto de partida nuestra riqueza intercultural. Cada alumna y alumno hemos creado nuestra propia maleta con dos apartados: uno sobre nuestro pa\u00eds de origen y otro sobre el viaje que hemos realizado hasta llegar a Euskal Herria.<\/p>\n<p>Como supondr\u00e9is dejar un hogar y mudarse a un nuevo pa\u00eds no es para nada f\u00e1cil pero compartir los conocimientos y la experiencia que nos ha aportado este viaje nos parece importante, sobre todo ante las palabras que difunden miedo. \u00a1El resultado ha sido emocionante! Hemos trabajado con ilusi\u00f3n y compromiso, y nuestro avance en euskera es m\u00e1s que evidente. Por ello, hemos presentado nuestra maleta en las aulas, compartiendo nuestra historia y mostrando con orgullo todo el camino recorrido.<\/p>\n<p>Por este orgullo precisamente quer\u00edamos compartirlo tambi\u00e9n con vosotras. \u00a1Por seguir celebrando los viajes y las personas que encontramos por el camino![\/vc_column_text]<div class=\"vcex-post-media wpex-clr\"><div class=\"wpex-slider-preloaderimg\"><img loading=\"lazy\" decoding=\"async\" width=\"1280\" height=\"960\" src=\"https:\/\/kuetoeskola.com\/wp-content\/uploads\/2026\/02\/photo_2026-02-24 09.46.34.jpeg\" class=\"skip-lazy\" alt=\"\" data-no-lazy=\"1\" \/><\/div><div class=\"wpex-slider slider-pro\" data-fade=\"false\" data-auto-play=\"false\" data-buttons=\"false\" data-loop=\"true\" data-arrows=\"true\" data-fade-arrows=\"false\" data-animation-speed=\"600\" data-thumbnails=\"true\" data-thumbnails-height=\"60\" data-thumbnails-width=\"60\"><div class=\"wpex-slider-slides sp-slides\"><div class=\"wpex-slider-slide sp-slide\"><div class=\"wpex-slider-media wpex-clr\"><img loading=\"lazy\" decoding=\"async\" width=\"1280\" height=\"960\" src=\"https:\/\/kuetoeskola.com\/wp-content\/uploads\/2026\/02\/photo_2026-02-24 09.46.34.jpeg\" class=\"skip-lazy\" alt=\"\" data-no-lazy=\"1\" \/><\/div><\/div><div class=\"wpex-slider-slide sp-slide\"><div class=\"wpex-slider-media wpex-clr\"><img loading=\"lazy\" decoding=\"async\" width=\"1280\" height=\"960\" src=\"https:\/\/kuetoeskola.com\/wp-content\/uploads\/2026\/02\/photo_2026-02-24 09.45.59.jpeg\" class=\"skip-lazy\" alt=\"\" data-no-lazy=\"1\" \/><\/div><\/div><div class=\"wpex-slider-slide sp-slide\"><div class=\"wpex-slider-media wpex-clr\"><img loading=\"lazy\" decoding=\"async\" width=\"1280\" height=\"960\" src=\"https:\/\/kuetoeskola.com\/wp-content\/uploads\/2026\/02\/photo_2026-02-24 09.40.28.jpeg\" class=\"skip-lazy\" alt=\"\" data-no-lazy=\"1\" \/><\/div><\/div><div class=\"wpex-slider-slide sp-slide\"><div class=\"wpex-slider-media wpex-clr\"><img loading=\"lazy\" decoding=\"async\" width=\"1280\" height=\"960\" src=\"https:\/\/kuetoeskola.com\/wp-content\/uploads\/2026\/02\/photo_2026-02-24 09.40.17.jpeg\" class=\"skip-lazy\" alt=\"\" data-no-lazy=\"1\" \/><\/div><\/div><div class=\"wpex-slider-slide sp-slide\"><div class=\"wpex-slider-media wpex-clr\"><img loading=\"lazy\" decoding=\"async\" width=\"1280\" height=\"960\" src=\"https:\/\/kuetoeskola.com\/wp-content\/uploads\/2026\/02\/photo_2026-02-24 09.40.10.jpeg\" class=\"skip-lazy\" alt=\"\" data-no-lazy=\"1\" \/><\/div><\/div><div class=\"wpex-slider-slide sp-slide\"><div class=\"wpex-slider-media wpex-clr\"><img loading=\"lazy\" decoding=\"async\" width=\"1280\" height=\"1051\" src=\"https:\/\/kuetoeskola.com\/wp-content\/uploads\/2026\/02\/photo_2026-02-24 09.40.55.jpeg\" class=\"skip-lazy\" alt=\"\" data-no-lazy=\"1\" \/><\/div><\/div><\/div><div class=\"wpex-slider-thumbnails sp-thumbnails\"><img loading=\"lazy\" decoding=\"async\" width=\"1280\" height=\"960\" src=\"https:\/\/kuetoeskola.com\/wp-content\/uploads\/2026\/02\/photo_2026-02-24 09.46.34.jpeg\" class=\"wpex-slider-thumbnail sp-thumbnail skip-lazy\" alt=\"\" data-no-lazy=\"1\" \/><img loading=\"lazy\" decoding=\"async\" width=\"1280\" height=\"960\" src=\"https:\/\/kuetoeskola.com\/wp-content\/uploads\/2026\/02\/photo_2026-02-24 09.45.59.jpeg\" class=\"wpex-slider-thumbnail sp-thumbnail skip-lazy\" alt=\"\" data-no-lazy=\"1\" \/><img loading=\"lazy\" decoding=\"async\" width=\"1280\" height=\"960\" src=\"https:\/\/kuetoeskola.com\/wp-content\/uploads\/2026\/02\/photo_2026-02-24 09.40.28.jpeg\" class=\"wpex-slider-thumbnail sp-thumbnail skip-lazy\" alt=\"\" data-no-lazy=\"1\" \/><img loading=\"lazy\" decoding=\"async\" width=\"1280\" height=\"960\" src=\"https:\/\/kuetoeskola.com\/wp-content\/uploads\/2026\/02\/photo_2026-02-24 09.40.17.jpeg\" class=\"wpex-slider-thumbnail sp-thumbnail skip-lazy\" alt=\"\" data-no-lazy=\"1\" \/><img loading=\"lazy\" decoding=\"async\" width=\"1280\" height=\"960\" src=\"https:\/\/kuetoeskola.com\/wp-content\/uploads\/2026\/02\/photo_2026-02-24 09.40.10.jpeg\" class=\"wpex-slider-thumbnail sp-thumbnail skip-lazy\" alt=\"\" data-no-lazy=\"1\" \/><img loading=\"lazy\" decoding=\"async\" width=\"1280\" height=\"1051\" src=\"https:\/\/kuetoeskola.com\/wp-content\/uploads\/2026\/02\/photo_2026-02-24 09.40.55.jpeg\" class=\"wpex-slider-thumbnail sp-thumbnail skip-lazy\" alt=\"\" data-no-lazy=\"1\" \/><\/div><\/div><\/div>[vc_column_text]\n<h5 class=\"tit_noti_documentos\">Enlaces y documentos<\/h5>\n[\/vc_column_text][\/vc_column][\/vc_row][vc_row][vc_column]<div class=\"uavc-list-icon uavc-list-icon-wrapper ult-adjust-bottom-margin   \"><ul class=\"uavc-list\"><\/ul><\/div>[\/vc_column][\/vc_row][vc_row][vc_column]<div class=\"uavc-list-icon uavc-list-icon-wrapper ult-adjust-bottom-margin   \"><ul class=\"uavc-list\"><\/ul><\/div>[\/vc_column][\/vc_row]\n<\/div>","protected":false},"excerpt":{"rendered":"<p>[vc_row][vc_column css=\u00bb.vc_custom_1650882373253{padding-top: 25px !important;padding-right: 25px !important;padding-bottom: 25px !important;padding-left: 13px !important;}\u00bb][vc_single_image source=\u00bbfeatured_image\u00bb][vc_acf field_group=\u00bb1087&#8243; field_from_1087=\u00bbfield_60f00d4db2885&#8243; align=\u00bbjustify\u00bb][vc_column_text]En el aula EUSLE hemos desarrollado el proyecto \u201cNire bidaia\u201d, tomando como punto de partida nuestra riqueza intercultural. Cada alumna y alumno hemos creado nuestra propia maleta&hellip;<\/p>\n","protected":false},"author":1,"featured_media":5890,"comment_status":"closed","ping_status":"open","sticky":false,"template":"","format":"standard","meta":{"_acf_changed":false,"footnotes":""},"categories":[14],"tags":[13],"post_series":[],"class_list":["post-5892","post","type-post","status-publish","format-standard","has-post-thumbnail","hentry","category-albisteak","tag-arrunta","entry","has-media"],"acf":[],"yoast_head":"<!-- This site is optimized with the Yoast SEO plugin v27.1.1 - https:\/\/yoast.com\/product\/yoast-seo-wordpress\/ -->\n<title>MI VIAJE DEL MUNDO A EUSKAL HERRIA - Kueto Eskola - Haur eta Lehen Hezkuntza<\/title>\n<meta name=\"robots\" content=\"index, follow, max-snippet:-1, max-image-preview:large, max-video-preview:-1\" \/>\n<link rel=\"canonical\" href=\"https:\/\/kuetoeskola.com\/mundutik-euskal-herrira-nire-bidaia\/\" \/>\n<meta property=\"og:locale\" content=\"es_ES\" \/>\n<meta property=\"og:type\" content=\"article\" \/>\n<meta property=\"og:title\" content=\"MI VIAJE DEL MUNDO A EUSKAL HERRIA - Kueto Eskola - Haur eta Lehen Hezkuntza\" \/>\n<meta property=\"og:description\" content=\"[vc_row][vc_column css=\u00bb.vc_custom_1650882373253{padding-top: 25px !important;padding-right: 25px !important;padding-bottom: 25px !important;padding-left: 13px !important;}\u00bb][vc_single_image source=\u00bbfeatured_image\u00bb][vc_acf field_group=\u00bb1087&#8243; field_from_1087=\u00bbfield_60f00d4db2885&#8243; align=\u00bbjustify\u00bb][vc_column_text]En el aula EUSLE hemos desarrollado el proyecto \u201cNire bidaia\u201d, tomando como punto de partida nuestra riqueza intercultural. Cada alumna y alumno hemos creado nuestra propia maleta&hellip;\" \/>\n<meta property=\"og:url\" content=\"https:\/\/kuetoeskola.com\/mundutik-euskal-herrira-nire-bidaia\/\" \/>\n<meta property=\"og:site_name\" content=\"Kueto Eskola - Haur eta Lehen Hezkuntza\" \/>\n<meta property=\"article:published_time\" content=\"2026-02-24T08:36:00+00:00\" \/>\n<meta property=\"article:modified_time\" content=\"2026-02-24T10:01:35+00:00\" \/>\n<meta property=\"og:image\" content=\"https:\/\/kuetoeskola.com\/wp-content\/uploads\/2026\/02\/2_photo_2026-02-24%2009.40.55.jpeg\" \/>\n\t<meta property=\"og:image:width\" content=\"1280\" \/>\n\t<meta property=\"og:image:height\" content=\"1051\" \/>\n\t<meta property=\"og:image:type\" content=\"image\/jpeg\" \/>\n<meta name=\"author\" content=\"komunika\" \/>\n<meta name=\"twitter:card\" content=\"summary_large_image\" \/>\n<meta name=\"twitter:label1\" content=\"Escrito por\" \/>\n\t<meta name=\"twitter:data1\" content=\"komunika\" \/>\n\t<meta name=\"twitter:label2\" content=\"Tiempo de lectura\" \/>\n\t<meta name=\"twitter:data2\" content=\"1 minuto\" \/>\n<script type=\"application\/ld+json\" class=\"yoast-schema-graph\">{\"@context\":\"https:\/\/schema.org\",\"@graph\":[{\"@type\":\"Article\",\"@id\":\"https:\/\/kuetoeskola.com\/mundutik-euskal-herrira-nire-bidaia\/#article\",\"isPartOf\":{\"@id\":\"https:\/\/kuetoeskola.com\/mundutik-euskal-herrira-nire-bidaia\/\"},\"author\":{\"name\":\"komunika\",\"@id\":\"https:\/\/kuetoeskola.com\/#\/schema\/person\/d61528f697c6e24193ab2c4b96f9d462\"},\"headline\":\"MI VIAJE DEL MUNDO A EUSKAL HERRIA\",\"datePublished\":\"2026-02-24T08:36:00+00:00\",\"dateModified\":\"2026-02-24T10:01:35+00:00\",\"mainEntityOfPage\":{\"@id\":\"https:\/\/kuetoeskola.com\/mundutik-euskal-herrira-nire-bidaia\/\"},\"wordCount\":267,\"publisher\":{\"@id\":\"https:\/\/kuetoeskola.com\/#organization\"},\"image\":{\"@id\":\"https:\/\/kuetoeskola.com\/mundutik-euskal-herrira-nire-bidaia\/#primaryimage\"},\"thumbnailUrl\":\"https:\/\/kuetoeskola.com\/wp-content\/uploads\/2026\/02\/2_photo_2026-02-24 09.40.55.jpeg\",\"keywords\":[\"Arrunta\"],\"articleSection\":[\"Albisteak\"],\"inLanguage\":\"es\"},{\"@type\":\"WebPage\",\"@id\":\"https:\/\/kuetoeskola.com\/mundutik-euskal-herrira-nire-bidaia\/\",\"url\":\"https:\/\/kuetoeskola.com\/mundutik-euskal-herrira-nire-bidaia\/\",\"name\":\"MI VIAJE DEL MUNDO A EUSKAL HERRIA - Kueto Eskola - Haur eta Lehen Hezkuntza\",\"isPartOf\":{\"@id\":\"https:\/\/kuetoeskola.com\/#website\"},\"primaryImageOfPage\":{\"@id\":\"https:\/\/kuetoeskola.com\/mundutik-euskal-herrira-nire-bidaia\/#primaryimage\"},\"image\":{\"@id\":\"https:\/\/kuetoeskola.com\/mundutik-euskal-herrira-nire-bidaia\/#primaryimage\"},\"thumbnailUrl\":\"https:\/\/kuetoeskola.com\/wp-content\/uploads\/2026\/02\/2_photo_2026-02-24 09.40.55.jpeg\",\"datePublished\":\"2026-02-24T08:36:00+00:00\",\"dateModified\":\"2026-02-24T10:01:35+00:00\",\"breadcrumb\":{\"@id\":\"https:\/\/kuetoeskola.com\/mundutik-euskal-herrira-nire-bidaia\/#breadcrumb\"},\"inLanguage\":\"es\",\"potentialAction\":[{\"@type\":\"ReadAction\",\"target\":[\"https:\/\/kuetoeskola.com\/mundutik-euskal-herrira-nire-bidaia\/\"]}]},{\"@type\":\"ImageObject\",\"inLanguage\":\"es\",\"@id\":\"https:\/\/kuetoeskola.com\/mundutik-euskal-herrira-nire-bidaia\/#primaryimage\",\"url\":\"https:\/\/kuetoeskola.com\/wp-content\/uploads\/2026\/02\/2_photo_2026-02-24 09.40.55.jpeg\",\"contentUrl\":\"https:\/\/kuetoeskola.com\/wp-content\/uploads\/2026\/02\/2_photo_2026-02-24 09.40.55.jpeg\",\"width\":1280,\"height\":1051},{\"@type\":\"BreadcrumbList\",\"@id\":\"https:\/\/kuetoeskola.com\/mundutik-euskal-herrira-nire-bidaia\/#breadcrumb\",\"itemListElement\":[{\"@type\":\"ListItem\",\"position\":1,\"name\":\"Portada\",\"item\":\"https:\/\/kuetoeskola.com\/es\/\"},{\"@type\":\"ListItem\",\"position\":2,\"name\":\"MI VIAJE DEL MUNDO A EUSKAL HERRIA\"}]},{\"@type\":\"WebSite\",\"@id\":\"https:\/\/kuetoeskola.com\/#website\",\"url\":\"https:\/\/kuetoeskola.com\/\",\"name\":\"Kueto Eskola - Haur eta Lehen Hezkuntza\",\"description\":\"Herri Ikastetxea Sestaoko izen bereko auzoan kokatuta dago. D ereduko Haur eta Lehen Hezkuntzako eskola bat da.\",\"publisher\":{\"@id\":\"https:\/\/kuetoeskola.com\/#organization\"},\"alternateName\":\"Kueto Eskola - Educaci\u00f3n Infantil y Primaria\",\"potentialAction\":[{\"@type\":\"SearchAction\",\"target\":{\"@type\":\"EntryPoint\",\"urlTemplate\":\"https:\/\/kuetoeskola.com\/?s={search_term_string}\"},\"query-input\":{\"@type\":\"PropertyValueSpecification\",\"valueRequired\":true,\"valueName\":\"search_term_string\"}}],\"inLanguage\":\"es\"},{\"@type\":\"Organization\",\"@id\":\"https:\/\/kuetoeskola.com\/#organization\",\"name\":\"Kueto Eskola - Haur eta Lehen Hezkuntza\",\"alternateName\":\"Kueto Eskola - Educaci\u00f3n Infantil y Primaria\",\"url\":\"https:\/\/kuetoeskola.com\/\",\"logo\":{\"@type\":\"ImageObject\",\"inLanguage\":\"es\",\"@id\":\"https:\/\/kuetoeskola.com\/#\/schema\/logo\/image\/\",\"url\":\"https:\/\/kuetoeskola.com\/wp-content\/uploads\/2025\/05\/logo_kueto_nuevo-scaled.png\",\"contentUrl\":\"https:\/\/kuetoeskola.com\/wp-content\/uploads\/2025\/05\/logo_kueto_nuevo-scaled.png\",\"width\":2560,\"height\":935,\"caption\":\"Kueto Eskola - Haur eta Lehen Hezkuntza\"},\"image\":{\"@id\":\"https:\/\/kuetoeskola.com\/#\/schema\/logo\/image\/\"}},{\"@type\":\"Person\",\"@id\":\"https:\/\/kuetoeskola.com\/#\/schema\/person\/d61528f697c6e24193ab2c4b96f9d462\",\"name\":\"komunika\",\"image\":{\"@type\":\"ImageObject\",\"inLanguage\":\"es\",\"@id\":\"https:\/\/kuetoeskola.com\/#\/schema\/person\/image\/\",\"url\":\"https:\/\/secure.gravatar.com\/avatar\/a22f2ac29ef785448617c06f66acb86e91041eb5ff01e3e6145cdc0af3989762?s=96&d=mm&r=g\",\"contentUrl\":\"https:\/\/secure.gravatar.com\/avatar\/a22f2ac29ef785448617c06f66acb86e91041eb5ff01e3e6145cdc0af3989762?s=96&d=mm&r=g\",\"caption\":\"komunika\"},\"sameAs\":[\"http:\/\/kuetoeskola.com\"],\"url\":\"https:\/\/kuetoeskola.com\/es\/author\/komunika\/\"}]}<\/script>\n<!-- \/ Yoast SEO plugin. -->","yoast_head_json":{"title":"MI VIAJE DEL MUNDO A EUSKAL HERRIA - Kueto Eskola - Haur eta Lehen Hezkuntza","robots":{"index":"index","follow":"follow","max-snippet":"max-snippet:-1","max-image-preview":"max-image-preview:large","max-video-preview":"max-video-preview:-1"},"canonical":"https:\/\/kuetoeskola.com\/mundutik-euskal-herrira-nire-bidaia\/","og_locale":"es_ES","og_type":"article","og_title":"MI VIAJE DEL MUNDO A EUSKAL HERRIA - Kueto Eskola - Haur eta Lehen Hezkuntza","og_description":"[vc_row][vc_column css=\u00bb.vc_custom_1650882373253{padding-top: 25px !important;padding-right: 25px !important;padding-bottom: 25px !important;padding-left: 13px !important;}\u00bb][vc_single_image source=\u00bbfeatured_image\u00bb][vc_acf field_group=\u00bb1087&#8243; field_from_1087=\u00bbfield_60f00d4db2885&#8243; align=\u00bbjustify\u00bb][vc_column_text]En el aula EUSLE hemos desarrollado el proyecto \u201cNire bidaia\u201d, tomando como punto de partida nuestra riqueza intercultural. Cada alumna y alumno hemos creado nuestra propia maleta&hellip;","og_url":"https:\/\/kuetoeskola.com\/mundutik-euskal-herrira-nire-bidaia\/","og_site_name":"Kueto Eskola - Haur eta Lehen Hezkuntza","article_published_time":"2026-02-24T08:36:00+00:00","article_modified_time":"2026-02-24T10:01:35+00:00","og_image":[{"width":1280,"height":1051,"url":"https:\/\/kuetoeskola.com\/wp-content\/uploads\/2026\/02\/2_photo_2026-02-24 09.40.55.jpeg","type":"image\/jpeg"}],"author":"komunika","twitter_card":"summary_large_image","twitter_misc":{"Escrito por":"komunika","Tiempo de lectura":"1 minuto"},"schema":{"@context":"https:\/\/schema.org","@graph":[{"@type":"Article","@id":"https:\/\/kuetoeskola.com\/mundutik-euskal-herrira-nire-bidaia\/#article","isPartOf":{"@id":"https:\/\/kuetoeskola.com\/mundutik-euskal-herrira-nire-bidaia\/"},"author":{"name":"komunika","@id":"https:\/\/kuetoeskola.com\/#\/schema\/person\/d61528f697c6e24193ab2c4b96f9d462"},"headline":"MI VIAJE DEL MUNDO A EUSKAL HERRIA","datePublished":"2026-02-24T08:36:00+00:00","dateModified":"2026-02-24T10:01:35+00:00","mainEntityOfPage":{"@id":"https:\/\/kuetoeskola.com\/mundutik-euskal-herrira-nire-bidaia\/"},"wordCount":267,"publisher":{"@id":"https:\/\/kuetoeskola.com\/#organization"},"image":{"@id":"https:\/\/kuetoeskola.com\/mundutik-euskal-herrira-nire-bidaia\/#primaryimage"},"thumbnailUrl":"https:\/\/kuetoeskola.com\/wp-content\/uploads\/2026\/02\/2_photo_2026-02-24 09.40.55.jpeg","keywords":["Arrunta"],"articleSection":["Albisteak"],"inLanguage":"es"},{"@type":"WebPage","@id":"https:\/\/kuetoeskola.com\/mundutik-euskal-herrira-nire-bidaia\/","url":"https:\/\/kuetoeskola.com\/mundutik-euskal-herrira-nire-bidaia\/","name":"MI VIAJE DEL MUNDO A EUSKAL HERRIA - Kueto Eskola - Haur eta Lehen Hezkuntza","isPartOf":{"@id":"https:\/\/kuetoeskola.com\/#website"},"primaryImageOfPage":{"@id":"https:\/\/kuetoeskola.com\/mundutik-euskal-herrira-nire-bidaia\/#primaryimage"},"image":{"@id":"https:\/\/kuetoeskola.com\/mundutik-euskal-herrira-nire-bidaia\/#primaryimage"},"thumbnailUrl":"https:\/\/kuetoeskola.com\/wp-content\/uploads\/2026\/02\/2_photo_2026-02-24 09.40.55.jpeg","datePublished":"2026-02-24T08:36:00+00:00","dateModified":"2026-02-24T10:01:35+00:00","breadcrumb":{"@id":"https:\/\/kuetoeskola.com\/mundutik-euskal-herrira-nire-bidaia\/#breadcrumb"},"inLanguage":"es","potentialAction":[{"@type":"ReadAction","target":["https:\/\/kuetoeskola.com\/mundutik-euskal-herrira-nire-bidaia\/"]}]},{"@type":"ImageObject","inLanguage":"es","@id":"https:\/\/kuetoeskola.com\/mundutik-euskal-herrira-nire-bidaia\/#primaryimage","url":"https:\/\/kuetoeskola.com\/wp-content\/uploads\/2026\/02\/2_photo_2026-02-24 09.40.55.jpeg","contentUrl":"https:\/\/kuetoeskola.com\/wp-content\/uploads\/2026\/02\/2_photo_2026-02-24 09.40.55.jpeg","width":1280,"height":1051},{"@type":"BreadcrumbList","@id":"https:\/\/kuetoeskola.com\/mundutik-euskal-herrira-nire-bidaia\/#breadcrumb","itemListElement":[{"@type":"ListItem","position":1,"name":"Portada","item":"https:\/\/kuetoeskola.com\/es\/"},{"@type":"ListItem","position":2,"name":"MI VIAJE DEL MUNDO A EUSKAL HERRIA"}]},{"@type":"WebSite","@id":"https:\/\/kuetoeskola.com\/#website","url":"https:\/\/kuetoeskola.com\/","name":"Kueto Eskola - Haur eta Lehen Hezkuntza","description":"Herri Ikastetxea Sestaoko izen bereko auzoan kokatuta dago. D ereduko Haur eta Lehen Hezkuntzako eskola bat da.","publisher":{"@id":"https:\/\/kuetoeskola.com\/#organization"},"alternateName":"Kueto Eskola - Educaci\u00f3n Infantil y Primaria","potentialAction":[{"@type":"SearchAction","target":{"@type":"EntryPoint","urlTemplate":"https:\/\/kuetoeskola.com\/?s={search_term_string}"},"query-input":{"@type":"PropertyValueSpecification","valueRequired":true,"valueName":"search_term_string"}}],"inLanguage":"es"},{"@type":"Organization","@id":"https:\/\/kuetoeskola.com\/#organization","name":"Kueto Eskola - Haur eta Lehen Hezkuntza","alternateName":"Kueto Eskola - Educaci\u00f3n Infantil y Primaria","url":"https:\/\/kuetoeskola.com\/","logo":{"@type":"ImageObject","inLanguage":"es","@id":"https:\/\/kuetoeskola.com\/#\/schema\/logo\/image\/","url":"https:\/\/kuetoeskola.com\/wp-content\/uploads\/2025\/05\/logo_kueto_nuevo-scaled.png","contentUrl":"https:\/\/kuetoeskola.com\/wp-content\/uploads\/2025\/05\/logo_kueto_nuevo-scaled.png","width":2560,"height":935,"caption":"Kueto Eskola - Haur eta Lehen Hezkuntza"},"image":{"@id":"https:\/\/kuetoeskola.com\/#\/schema\/logo\/image\/"}},{"@type":"Person","@id":"https:\/\/kuetoeskola.com\/#\/schema\/person\/d61528f697c6e24193ab2c4b96f9d462","name":"komunika","image":{"@type":"ImageObject","inLanguage":"es","@id":"https:\/\/kuetoeskola.com\/#\/schema\/person\/image\/","url":"https:\/\/secure.gravatar.com\/avatar\/a22f2ac29ef785448617c06f66acb86e91041eb5ff01e3e6145cdc0af3989762?s=96&d=mm&r=g","contentUrl":"https:\/\/secure.gravatar.com\/avatar\/a22f2ac29ef785448617c06f66acb86e91041eb5ff01e3e6145cdc0af3989762?s=96&d=mm&r=g","caption":"komunika"},"sameAs":["http:\/\/kuetoeskola.com"],"url":"https:\/\/kuetoeskola.com\/es\/author\/komunika\/"}]}},"_links":{"self":[{"href":"https:\/\/kuetoeskola.com\/es\/wp-json\/wp\/v2\/posts\/5892","targetHints":{"allow":["GET"]}}],"collection":[{"href":"https:\/\/kuetoeskola.com\/es\/wp-json\/wp\/v2\/posts"}],"about":[{"href":"https:\/\/kuetoeskola.com\/es\/wp-json\/wp\/v2\/types\/post"}],"author":[{"embeddable":true,"href":"https:\/\/kuetoeskola.com\/es\/wp-json\/wp\/v2\/users\/1"}],"replies":[{"embeddable":true,"href":"https:\/\/kuetoeskola.com\/es\/wp-json\/wp\/v2\/comments?post=5892"}],"version-history":[{"count":1,"href":"https:\/\/kuetoeskola.com\/es\/wp-json\/wp\/v2\/posts\/5892\/revisions"}],"predecessor-version":[{"id":5894,"href":"https:\/\/kuetoeskola.com\/es\/wp-json\/wp\/v2\/posts\/5892\/revisions\/5894"}],"wp:featuredmedia":[{"embeddable":true,"href":"https:\/\/kuetoeskola.com\/es\/wp-json\/wp\/v2\/media\/5890"}],"wp:attachment":[{"href":"https:\/\/kuetoeskola.com\/es\/wp-json\/wp\/v2\/media?parent=5892"}],"wp:term":[{"taxonomy":"category","embeddable":true,"href":"https:\/\/kuetoeskola.com\/es\/wp-json\/wp\/v2\/categories?post=5892"},{"taxonomy":"post_tag","embeddable":true,"href":"https:\/\/kuetoeskola.com\/es\/wp-json\/wp\/v2\/tags?post=5892"},{"taxonomy":"post_series","embeddable":true,"href":"https:\/\/kuetoeskola.com\/es\/wp-json\/wp\/v2\/post_series?post=5892"}],"curies":[{"name":"wp","href":"https:\/\/api.w.org\/{rel}","templated":true}]}}