{"id":5973,"date":"2026-03-13T09:11:00","date_gmt":"2026-03-13T09:11:00","guid":{"rendered":"https:\/\/kuetoeskola.com\/hurbil-ditugun-emakume-ausartak\/"},"modified":"2026-03-13T09:37:09","modified_gmt":"2026-03-13T09:37:09","slug":"mujeres-valientes-que-nos-rodean","status":"publish","type":"post","link":"https:\/\/kuetoeskola.com\/es\/mujeres-valientes-que-nos-rodean\/","title":{"rendered":"MUJERES VALIENTES QUE NOS RODEAN"},"content":{"rendered":"<div class=\"wpb-content-wrapper\">[vc_row][vc_column css=\u00bb.vc_custom_1650882373253{padding-top: 25px !important;padding-right: 25px !important;padding-bottom: 25px !important;padding-left: 13px !important;}\u00bb][vc_single_image source=\u00bbfeatured_image\u00bb][vc_acf field_group=\u00bb1087&#8243; field_from_1087=\u00bbfield_60f00d4db2885&#8243; align=\u00bbjustify\u00bb][vc_column_text]El pasado 8 de marzo se celebr\u00f3 el D\u00eda Internacional de la Mujer y, como cada a\u00f1o, tambi\u00e9n fue una jornada reivindicativa en la escuela. Como este a\u00f1o cay\u00f3 en domingo, aprovechamos el lunes para realizar algunas de nuestras propuestas<\/p>\n<p>El marco de este a\u00f1o ha sido \u201cMujeres valientes que tenemos cerca\u201d, y hemos organizado diversas actividades relacionadas con este tema. A trav\u00e9s de ellas hemos querido poner en valor a estas mujeres y, para ello, hemos realizado descripciones de ellas en cada curso utilizando diferentes recursos (entrevistas, descripciones sencillas, recursos digitales conectados mediante c\u00f3digos QR, etc.). Las primeras personas que nos vinieron a la mente fueron madres, t\u00edas, hermanas, abuelas, profesoras actuales y pero tambi\u00e9n algunas que nos han dejado huella estos \u00faltimos a\u00f1os, aunque, en realidad, el debate que se gener\u00f3 fue lo m\u00e1s positivo de todo este proceso.<\/p>\n<p>Creemos que ha sido un homenaje bonito, pero todos estos homenajes se quedar\u00e1n cortos si no impulsamos cambios reales en nuestro d\u00eda a d\u00eda. Recordemos que el 8 de marzo es solo un d\u00eda, y que el cambio m\u00e1s significativo es el que fomentamos cada d\u00eda en nuestras casas, plazas y pueblos.[\/vc_column_text]<div class=\"vcex-post-media wpex-clr\"><div class=\"wpex-slider-preloaderimg\"><img loading=\"lazy\" decoding=\"async\" width=\"1280\" height=\"960\" src=\"https:\/\/kuetoeskola.com\/wp-content\/uploads\/2026\/03\/2_photo_2026-03-13 10.35.19.jpeg\" class=\"skip-lazy\" alt=\"\" data-no-lazy=\"1\" \/><\/div><div class=\"wpex-slider slider-pro\" data-fade=\"false\" data-auto-play=\"false\" data-buttons=\"false\" data-loop=\"true\" data-arrows=\"true\" data-fade-arrows=\"false\" data-animation-speed=\"600\" data-thumbnails=\"true\" data-thumbnails-height=\"60\" data-thumbnails-width=\"60\"><div class=\"wpex-slider-slides sp-slides\"><div class=\"wpex-slider-slide sp-slide\"><div class=\"wpex-slider-media wpex-clr\"><img loading=\"lazy\" decoding=\"async\" width=\"1280\" height=\"960\" src=\"https:\/\/kuetoeskola.com\/wp-content\/uploads\/2026\/03\/2_photo_2026-03-13 10.35.19.jpeg\" class=\"skip-lazy\" alt=\"\" data-no-lazy=\"1\" \/><\/div><\/div><div class=\"wpex-slider-slide sp-slide\"><div class=\"wpex-slider-media wpex-clr\"><img loading=\"lazy\" decoding=\"async\" width=\"1280\" height=\"960\" src=\"https:\/\/kuetoeskola.com\/wp-content\/uploads\/2026\/03\/photo_2026-03-13 10.35.24.jpeg\" class=\"skip-lazy\" alt=\"\" data-no-lazy=\"1\" \/><\/div><\/div><div class=\"wpex-slider-slide sp-slide\"><div class=\"wpex-slider-media wpex-clr\"><img loading=\"lazy\" decoding=\"async\" width=\"1280\" height=\"960\" src=\"https:\/\/kuetoeskola.com\/wp-content\/uploads\/2026\/03\/photo_2026-03-13 10.35.30.jpeg\" class=\"skip-lazy\" alt=\"\" data-no-lazy=\"1\" \/><\/div><\/div><\/div><div class=\"wpex-slider-thumbnails sp-thumbnails\"><img loading=\"lazy\" decoding=\"async\" width=\"1280\" height=\"960\" src=\"https:\/\/kuetoeskola.com\/wp-content\/uploads\/2026\/03\/2_photo_2026-03-13 10.35.19.jpeg\" class=\"wpex-slider-thumbnail sp-thumbnail skip-lazy\" alt=\"\" data-no-lazy=\"1\" \/><img loading=\"lazy\" decoding=\"async\" width=\"1280\" height=\"960\" src=\"https:\/\/kuetoeskola.com\/wp-content\/uploads\/2026\/03\/photo_2026-03-13 10.35.24.jpeg\" class=\"wpex-slider-thumbnail sp-thumbnail skip-lazy\" alt=\"\" data-no-lazy=\"1\" \/><img loading=\"lazy\" decoding=\"async\" width=\"1280\" height=\"960\" src=\"https:\/\/kuetoeskola.com\/wp-content\/uploads\/2026\/03\/photo_2026-03-13 10.35.30.jpeg\" class=\"wpex-slider-thumbnail sp-thumbnail skip-lazy\" alt=\"\" data-no-lazy=\"1\" \/><\/div><\/div><\/div>[vc_column_text]\n<h5 class=\"tit_noti_documentos\">Enlaces y documentos<\/h5>\n[\/vc_column_text][\/vc_column][\/vc_row][vc_row][vc_column]<div class=\"uavc-list-icon uavc-list-icon-wrapper ult-adjust-bottom-margin   \"><ul class=\"uavc-list\"><\/ul><\/div>[\/vc_column][\/vc_row][vc_row][vc_column]<div class=\"uavc-list-icon uavc-list-icon-wrapper ult-adjust-bottom-margin   \"><ul class=\"uavc-list\"><\/ul><\/div>[\/vc_column][\/vc_row]\n<\/div>","protected":false},"excerpt":{"rendered":"<p>[vc_row][vc_column css=\u00bb.vc_custom_1650882373253{padding-top: 25px !important;padding-right: 25px !important;padding-bottom: 25px !important;padding-left: 13px !important;}\u00bb][vc_single_image source=\u00bbfeatured_image\u00bb][vc_acf field_group=\u00bb1087&#8243; field_from_1087=\u00bbfield_60f00d4db2885&#8243; align=\u00bbjustify\u00bb][vc_column_text]El pasado 8 de marzo se celebr\u00f3 el D\u00eda Internacional de la Mujer y, como cada a\u00f1o, tambi\u00e9n fue una jornada reivindicativa en la escuela. Como este&hellip;<\/p>\n","protected":false},"author":1,"featured_media":5979,"comment_status":"closed","ping_status":"open","sticky":false,"template":"","format":"standard","meta":{"_acf_changed":false,"footnotes":""},"categories":[14],"tags":[13],"post_series":[],"class_list":["post-5973","post","type-post","status-publish","format-standard","has-post-thumbnail","hentry","category-albisteak","tag-arrunta","entry","has-media"],"acf":[],"yoast_head":"<!-- This site is optimized with the Yoast SEO plugin v27.1.1 - https:\/\/yoast.com\/product\/yoast-seo-wordpress\/ -->\n<title>MUJERES VALIENTES QUE NOS RODEAN - Kueto Eskola - Haur eta Lehen Hezkuntza<\/title>\n<meta name=\"robots\" content=\"index, follow, max-snippet:-1, max-image-preview:large, max-video-preview:-1\" \/>\n<link rel=\"canonical\" href=\"https:\/\/kuetoeskola.com\/hurbil-ditugun-emakume-ausartak\/\" \/>\n<meta property=\"og:locale\" content=\"es_ES\" \/>\n<meta property=\"og:type\" content=\"article\" \/>\n<meta property=\"og:title\" content=\"MUJERES VALIENTES QUE NOS RODEAN - Kueto Eskola - Haur eta Lehen Hezkuntza\" \/>\n<meta property=\"og:description\" content=\"[vc_row][vc_column css=\u00bb.vc_custom_1650882373253{padding-top: 25px !important;padding-right: 25px !important;padding-bottom: 25px !important;padding-left: 13px !important;}\u00bb][vc_single_image source=\u00bbfeatured_image\u00bb][vc_acf field_group=\u00bb1087&#8243; field_from_1087=\u00bbfield_60f00d4db2885&#8243; align=\u00bbjustify\u00bb][vc_column_text]El pasado 8 de marzo se celebr\u00f3 el D\u00eda Internacional de la Mujer y, como cada a\u00f1o, tambi\u00e9n fue una jornada reivindicativa en la escuela. Como este&hellip;\" \/>\n<meta property=\"og:url\" content=\"https:\/\/kuetoeskola.com\/hurbil-ditugun-emakume-ausartak\/\" \/>\n<meta property=\"og:site_name\" content=\"Kueto Eskola - Haur eta Lehen Hezkuntza\" \/>\n<meta property=\"article:published_time\" content=\"2026-03-13T09:11:00+00:00\" \/>\n<meta property=\"article:modified_time\" content=\"2026-03-13T09:37:09+00:00\" \/>\n<meta property=\"og:image\" content=\"https:\/\/kuetoeskola.com\/wp-content\/uploads\/2026\/03\/photo_2026-03-13%2010.35.34.jpeg\" \/>\n\t<meta property=\"og:image:width\" content=\"1280\" \/>\n\t<meta property=\"og:image:height\" content=\"960\" \/>\n\t<meta property=\"og:image:type\" content=\"image\/jpeg\" \/>\n<meta name=\"author\" content=\"komunika\" \/>\n<meta name=\"twitter:card\" content=\"summary_large_image\" \/>\n<meta name=\"twitter:label1\" content=\"Escrito por\" \/>\n\t<meta name=\"twitter:data1\" content=\"komunika\" \/>\n\t<meta name=\"twitter:label2\" content=\"Tiempo de lectura\" \/>\n\t<meta name=\"twitter:data2\" content=\"2 minutos\" \/>\n<script type=\"application\/ld+json\" class=\"yoast-schema-graph\">{\"@context\":\"https:\/\/schema.org\",\"@graph\":[{\"@type\":\"Article\",\"@id\":\"https:\/\/kuetoeskola.com\/hurbil-ditugun-emakume-ausartak\/#article\",\"isPartOf\":{\"@id\":\"https:\/\/kuetoeskola.com\/hurbil-ditugun-emakume-ausartak\/\"},\"author\":{\"name\":\"komunika\",\"@id\":\"https:\/\/kuetoeskola.com\/#\/schema\/person\/d61528f697c6e24193ab2c4b96f9d462\"},\"headline\":\"MUJERES VALIENTES QUE NOS RODEAN\",\"datePublished\":\"2026-03-13T09:11:00+00:00\",\"dateModified\":\"2026-03-13T09:37:09+00:00\",\"mainEntityOfPage\":{\"@id\":\"https:\/\/kuetoeskola.com\/hurbil-ditugun-emakume-ausartak\/\"},\"wordCount\":314,\"publisher\":{\"@id\":\"https:\/\/kuetoeskola.com\/#organization\"},\"image\":{\"@id\":\"https:\/\/kuetoeskola.com\/hurbil-ditugun-emakume-ausartak\/#primaryimage\"},\"thumbnailUrl\":\"https:\/\/kuetoeskola.com\/wp-content\/uploads\/2026\/03\/photo_2026-03-13 10.35.34.jpeg\",\"keywords\":[\"Arrunta\"],\"articleSection\":[\"Albisteak\"],\"inLanguage\":\"es\"},{\"@type\":\"WebPage\",\"@id\":\"https:\/\/kuetoeskola.com\/hurbil-ditugun-emakume-ausartak\/\",\"url\":\"https:\/\/kuetoeskola.com\/hurbil-ditugun-emakume-ausartak\/\",\"name\":\"MUJERES VALIENTES QUE NOS RODEAN - Kueto Eskola - Haur eta Lehen Hezkuntza\",\"isPartOf\":{\"@id\":\"https:\/\/kuetoeskola.com\/#website\"},\"primaryImageOfPage\":{\"@id\":\"https:\/\/kuetoeskola.com\/hurbil-ditugun-emakume-ausartak\/#primaryimage\"},\"image\":{\"@id\":\"https:\/\/kuetoeskola.com\/hurbil-ditugun-emakume-ausartak\/#primaryimage\"},\"thumbnailUrl\":\"https:\/\/kuetoeskola.com\/wp-content\/uploads\/2026\/03\/photo_2026-03-13 10.35.34.jpeg\",\"datePublished\":\"2026-03-13T09:11:00+00:00\",\"dateModified\":\"2026-03-13T09:37:09+00:00\",\"breadcrumb\":{\"@id\":\"https:\/\/kuetoeskola.com\/hurbil-ditugun-emakume-ausartak\/#breadcrumb\"},\"inLanguage\":\"es\",\"potentialAction\":[{\"@type\":\"ReadAction\",\"target\":[\"https:\/\/kuetoeskola.com\/hurbil-ditugun-emakume-ausartak\/\"]}]},{\"@type\":\"ImageObject\",\"inLanguage\":\"es\",\"@id\":\"https:\/\/kuetoeskola.com\/hurbil-ditugun-emakume-ausartak\/#primaryimage\",\"url\":\"https:\/\/kuetoeskola.com\/wp-content\/uploads\/2026\/03\/photo_2026-03-13 10.35.34.jpeg\",\"contentUrl\":\"https:\/\/kuetoeskola.com\/wp-content\/uploads\/2026\/03\/photo_2026-03-13 10.35.34.jpeg\",\"width\":1280,\"height\":960},{\"@type\":\"BreadcrumbList\",\"@id\":\"https:\/\/kuetoeskola.com\/hurbil-ditugun-emakume-ausartak\/#breadcrumb\",\"itemListElement\":[{\"@type\":\"ListItem\",\"position\":1,\"name\":\"Portada\",\"item\":\"https:\/\/kuetoeskola.com\/es\/\"},{\"@type\":\"ListItem\",\"position\":2,\"name\":\"MUJERES VALIENTES QUE NOS RODEAN\"}]},{\"@type\":\"WebSite\",\"@id\":\"https:\/\/kuetoeskola.com\/#website\",\"url\":\"https:\/\/kuetoeskola.com\/\",\"name\":\"Kueto Eskola - Haur eta Lehen Hezkuntza\",\"description\":\"Herri Ikastetxea Sestaoko izen bereko auzoan kokatuta dago. D ereduko Haur eta Lehen Hezkuntzako eskola bat da.\",\"publisher\":{\"@id\":\"https:\/\/kuetoeskola.com\/#organization\"},\"alternateName\":\"Kueto Eskola - Educaci\u00f3n Infantil y Primaria\",\"potentialAction\":[{\"@type\":\"SearchAction\",\"target\":{\"@type\":\"EntryPoint\",\"urlTemplate\":\"https:\/\/kuetoeskola.com\/?s={search_term_string}\"},\"query-input\":{\"@type\":\"PropertyValueSpecification\",\"valueRequired\":true,\"valueName\":\"search_term_string\"}}],\"inLanguage\":\"es\"},{\"@type\":\"Organization\",\"@id\":\"https:\/\/kuetoeskola.com\/#organization\",\"name\":\"Kueto Eskola - Haur eta Lehen Hezkuntza\",\"alternateName\":\"Kueto Eskola - Educaci\u00f3n Infantil y Primaria\",\"url\":\"https:\/\/kuetoeskola.com\/\",\"logo\":{\"@type\":\"ImageObject\",\"inLanguage\":\"es\",\"@id\":\"https:\/\/kuetoeskola.com\/#\/schema\/logo\/image\/\",\"url\":\"https:\/\/kuetoeskola.com\/wp-content\/uploads\/2025\/05\/logo_kueto_nuevo-scaled.png\",\"contentUrl\":\"https:\/\/kuetoeskola.com\/wp-content\/uploads\/2025\/05\/logo_kueto_nuevo-scaled.png\",\"width\":2560,\"height\":935,\"caption\":\"Kueto Eskola - Haur eta Lehen Hezkuntza\"},\"image\":{\"@id\":\"https:\/\/kuetoeskola.com\/#\/schema\/logo\/image\/\"}},{\"@type\":\"Person\",\"@id\":\"https:\/\/kuetoeskola.com\/#\/schema\/person\/d61528f697c6e24193ab2c4b96f9d462\",\"name\":\"komunika\",\"image\":{\"@type\":\"ImageObject\",\"inLanguage\":\"es\",\"@id\":\"https:\/\/kuetoeskola.com\/#\/schema\/person\/image\/\",\"url\":\"https:\/\/secure.gravatar.com\/avatar\/a22f2ac29ef785448617c06f66acb86e91041eb5ff01e3e6145cdc0af3989762?s=96&d=mm&r=g\",\"contentUrl\":\"https:\/\/secure.gravatar.com\/avatar\/a22f2ac29ef785448617c06f66acb86e91041eb5ff01e3e6145cdc0af3989762?s=96&d=mm&r=g\",\"caption\":\"komunika\"},\"sameAs\":[\"http:\/\/kuetoeskola.com\"],\"url\":\"https:\/\/kuetoeskola.com\/es\/author\/komunika\/\"}]}<\/script>\n<!-- \/ Yoast SEO plugin. -->","yoast_head_json":{"title":"MUJERES VALIENTES QUE NOS RODEAN - Kueto Eskola - Haur eta Lehen Hezkuntza","robots":{"index":"index","follow":"follow","max-snippet":"max-snippet:-1","max-image-preview":"max-image-preview:large","max-video-preview":"max-video-preview:-1"},"canonical":"https:\/\/kuetoeskola.com\/hurbil-ditugun-emakume-ausartak\/","og_locale":"es_ES","og_type":"article","og_title":"MUJERES VALIENTES QUE NOS RODEAN - Kueto Eskola - Haur eta Lehen Hezkuntza","og_description":"[vc_row][vc_column css=\u00bb.vc_custom_1650882373253{padding-top: 25px !important;padding-right: 25px !important;padding-bottom: 25px !important;padding-left: 13px !important;}\u00bb][vc_single_image source=\u00bbfeatured_image\u00bb][vc_acf field_group=\u00bb1087&#8243; field_from_1087=\u00bbfield_60f00d4db2885&#8243; align=\u00bbjustify\u00bb][vc_column_text]El pasado 8 de marzo se celebr\u00f3 el D\u00eda Internacional de la Mujer y, como cada a\u00f1o, tambi\u00e9n fue una jornada reivindicativa en la escuela. Como este&hellip;","og_url":"https:\/\/kuetoeskola.com\/hurbil-ditugun-emakume-ausartak\/","og_site_name":"Kueto Eskola - Haur eta Lehen Hezkuntza","article_published_time":"2026-03-13T09:11:00+00:00","article_modified_time":"2026-03-13T09:37:09+00:00","og_image":[{"width":1280,"height":960,"url":"https:\/\/kuetoeskola.com\/wp-content\/uploads\/2026\/03\/photo_2026-03-13 10.35.34.jpeg","type":"image\/jpeg"}],"author":"komunika","twitter_card":"summary_large_image","twitter_misc":{"Escrito por":"komunika","Tiempo de lectura":"2 minutos"},"schema":{"@context":"https:\/\/schema.org","@graph":[{"@type":"Article","@id":"https:\/\/kuetoeskola.com\/hurbil-ditugun-emakume-ausartak\/#article","isPartOf":{"@id":"https:\/\/kuetoeskola.com\/hurbil-ditugun-emakume-ausartak\/"},"author":{"name":"komunika","@id":"https:\/\/kuetoeskola.com\/#\/schema\/person\/d61528f697c6e24193ab2c4b96f9d462"},"headline":"MUJERES VALIENTES QUE NOS RODEAN","datePublished":"2026-03-13T09:11:00+00:00","dateModified":"2026-03-13T09:37:09+00:00","mainEntityOfPage":{"@id":"https:\/\/kuetoeskola.com\/hurbil-ditugun-emakume-ausartak\/"},"wordCount":314,"publisher":{"@id":"https:\/\/kuetoeskola.com\/#organization"},"image":{"@id":"https:\/\/kuetoeskola.com\/hurbil-ditugun-emakume-ausartak\/#primaryimage"},"thumbnailUrl":"https:\/\/kuetoeskola.com\/wp-content\/uploads\/2026\/03\/photo_2026-03-13 10.35.34.jpeg","keywords":["Arrunta"],"articleSection":["Albisteak"],"inLanguage":"es"},{"@type":"WebPage","@id":"https:\/\/kuetoeskola.com\/hurbil-ditugun-emakume-ausartak\/","url":"https:\/\/kuetoeskola.com\/hurbil-ditugun-emakume-ausartak\/","name":"MUJERES VALIENTES QUE NOS RODEAN - Kueto Eskola - Haur eta Lehen Hezkuntza","isPartOf":{"@id":"https:\/\/kuetoeskola.com\/#website"},"primaryImageOfPage":{"@id":"https:\/\/kuetoeskola.com\/hurbil-ditugun-emakume-ausartak\/#primaryimage"},"image":{"@id":"https:\/\/kuetoeskola.com\/hurbil-ditugun-emakume-ausartak\/#primaryimage"},"thumbnailUrl":"https:\/\/kuetoeskola.com\/wp-content\/uploads\/2026\/03\/photo_2026-03-13 10.35.34.jpeg","datePublished":"2026-03-13T09:11:00+00:00","dateModified":"2026-03-13T09:37:09+00:00","breadcrumb":{"@id":"https:\/\/kuetoeskola.com\/hurbil-ditugun-emakume-ausartak\/#breadcrumb"},"inLanguage":"es","potentialAction":[{"@type":"ReadAction","target":["https:\/\/kuetoeskola.com\/hurbil-ditugun-emakume-ausartak\/"]}]},{"@type":"ImageObject","inLanguage":"es","@id":"https:\/\/kuetoeskola.com\/hurbil-ditugun-emakume-ausartak\/#primaryimage","url":"https:\/\/kuetoeskola.com\/wp-content\/uploads\/2026\/03\/photo_2026-03-13 10.35.34.jpeg","contentUrl":"https:\/\/kuetoeskola.com\/wp-content\/uploads\/2026\/03\/photo_2026-03-13 10.35.34.jpeg","width":1280,"height":960},{"@type":"BreadcrumbList","@id":"https:\/\/kuetoeskola.com\/hurbil-ditugun-emakume-ausartak\/#breadcrumb","itemListElement":[{"@type":"ListItem","position":1,"name":"Portada","item":"https:\/\/kuetoeskola.com\/es\/"},{"@type":"ListItem","position":2,"name":"MUJERES VALIENTES QUE NOS RODEAN"}]},{"@type":"WebSite","@id":"https:\/\/kuetoeskola.com\/#website","url":"https:\/\/kuetoeskola.com\/","name":"Kueto Eskola - Haur eta Lehen Hezkuntza","description":"Herri Ikastetxea Sestaoko izen bereko auzoan kokatuta dago. D ereduko Haur eta Lehen Hezkuntzako eskola bat da.","publisher":{"@id":"https:\/\/kuetoeskola.com\/#organization"},"alternateName":"Kueto Eskola - Educaci\u00f3n Infantil y Primaria","potentialAction":[{"@type":"SearchAction","target":{"@type":"EntryPoint","urlTemplate":"https:\/\/kuetoeskola.com\/?s={search_term_string}"},"query-input":{"@type":"PropertyValueSpecification","valueRequired":true,"valueName":"search_term_string"}}],"inLanguage":"es"},{"@type":"Organization","@id":"https:\/\/kuetoeskola.com\/#organization","name":"Kueto Eskola - Haur eta Lehen Hezkuntza","alternateName":"Kueto Eskola - Educaci\u00f3n Infantil y Primaria","url":"https:\/\/kuetoeskola.com\/","logo":{"@type":"ImageObject","inLanguage":"es","@id":"https:\/\/kuetoeskola.com\/#\/schema\/logo\/image\/","url":"https:\/\/kuetoeskola.com\/wp-content\/uploads\/2025\/05\/logo_kueto_nuevo-scaled.png","contentUrl":"https:\/\/kuetoeskola.com\/wp-content\/uploads\/2025\/05\/logo_kueto_nuevo-scaled.png","width":2560,"height":935,"caption":"Kueto Eskola - Haur eta Lehen Hezkuntza"},"image":{"@id":"https:\/\/kuetoeskola.com\/#\/schema\/logo\/image\/"}},{"@type":"Person","@id":"https:\/\/kuetoeskola.com\/#\/schema\/person\/d61528f697c6e24193ab2c4b96f9d462","name":"komunika","image":{"@type":"ImageObject","inLanguage":"es","@id":"https:\/\/kuetoeskola.com\/#\/schema\/person\/image\/","url":"https:\/\/secure.gravatar.com\/avatar\/a22f2ac29ef785448617c06f66acb86e91041eb5ff01e3e6145cdc0af3989762?s=96&d=mm&r=g","contentUrl":"https:\/\/secure.gravatar.com\/avatar\/a22f2ac29ef785448617c06f66acb86e91041eb5ff01e3e6145cdc0af3989762?s=96&d=mm&r=g","caption":"komunika"},"sameAs":["http:\/\/kuetoeskola.com"],"url":"https:\/\/kuetoeskola.com\/es\/author\/komunika\/"}]}},"_links":{"self":[{"href":"https:\/\/kuetoeskola.com\/es\/wp-json\/wp\/v2\/posts\/5973","targetHints":{"allow":["GET"]}}],"collection":[{"href":"https:\/\/kuetoeskola.com\/es\/wp-json\/wp\/v2\/posts"}],"about":[{"href":"https:\/\/kuetoeskola.com\/es\/wp-json\/wp\/v2\/types\/post"}],"author":[{"embeddable":true,"href":"https:\/\/kuetoeskola.com\/es\/wp-json\/wp\/v2\/users\/1"}],"replies":[{"embeddable":true,"href":"https:\/\/kuetoeskola.com\/es\/wp-json\/wp\/v2\/comments?post=5973"}],"version-history":[{"count":3,"href":"https:\/\/kuetoeskola.com\/es\/wp-json\/wp\/v2\/posts\/5973\/revisions"}],"predecessor-version":[{"id":5982,"href":"https:\/\/kuetoeskola.com\/es\/wp-json\/wp\/v2\/posts\/5973\/revisions\/5982"}],"wp:featuredmedia":[{"embeddable":true,"href":"https:\/\/kuetoeskola.com\/es\/wp-json\/wp\/v2\/media\/5979"}],"wp:attachment":[{"href":"https:\/\/kuetoeskola.com\/es\/wp-json\/wp\/v2\/media?parent=5973"}],"wp:term":[{"taxonomy":"category","embeddable":true,"href":"https:\/\/kuetoeskola.com\/es\/wp-json\/wp\/v2\/categories?post=5973"},{"taxonomy":"post_tag","embeddable":true,"href":"https:\/\/kuetoeskola.com\/es\/wp-json\/wp\/v2\/tags?post=5973"},{"taxonomy":"post_series","embeddable":true,"href":"https:\/\/kuetoeskola.com\/es\/wp-json\/wp\/v2\/post_series?post=5973"}],"curies":[{"name":"wp","href":"https:\/\/api.w.org\/{rel}","templated":true}]}}